{"id":1296,"date":"2022-12-23T08:04:55","date_gmt":"2022-12-23T08:04:55","guid":{"rendered":"http:\/\/xn--zachers-kindertrume-vwb.de\/?p=1296"},"modified":"2022-12-23T08:04:55","modified_gmt":"2022-12-23T08:04:55","slug":"weihnachtsgruss-2022","status":"publish","type":"post","link":"https:\/\/zachers-kindertr\u00e4ume.de\/?p=1296","title":{"rendered":"Weihnachtsgru\u00df 2022"},"content":{"rendered":"\n<figure class=\"wp-block-image size-large\"><img loading=\"lazy\" decoding=\"async\" width=\"1024\" height=\"768\" src=\"http:\/\/xn--zachers-kindertrume-vwb.de\/wp-content\/uploads\/2022\/12\/IMG_20221221_131529579-1024x768.jpg\" alt=\"\" class=\"wp-image-1297\" srcset=\"https:\/\/zachers-kindertr\u00e4ume.de\/wp-content\/uploads\/2022\/12\/IMG_20221221_131529579-1024x768.jpg 1024w, https:\/\/zachers-kindertr\u00e4ume.de\/wp-content\/uploads\/2022\/12\/IMG_20221221_131529579-300x225.jpg 300w, https:\/\/zachers-kindertr\u00e4ume.de\/wp-content\/uploads\/2022\/12\/IMG_20221221_131529579-768x576.jpg 768w, https:\/\/zachers-kindertr\u00e4ume.de\/wp-content\/uploads\/2022\/12\/IMG_20221221_131529579-1536x1152.jpg 1536w, https:\/\/zachers-kindertr\u00e4ume.de\/wp-content\/uploads\/2022\/12\/IMG_20221221_131529579.jpg 1600w\" sizes=\"auto, (max-width: 1024px) 100vw, 1024px\" \/><\/figure>\n\n\n\n<p><\/p>\n\n\n\n<p><strong>Liebe Kinder, Liebe Eltern und Gro\u00dfeltern,<\/strong><\/p>\n\n\n\n<p><strong>nach einem f\u00fcr alle sehr turbulentem und teilweise auch sehr schwierigem Jahr, w\u00fcnschen wir allen eine ruhige und besinnliche Weihnachtszeit und einen guten, gesunden Rutsch ins neue Jahr.<\/strong><\/p>\n\n\n\n<p><strong>Wir hatten eine wirklich sch\u00f6ne Zeit mit den Kindern und freuen uns darauf alle im neuen Jahr wieder zu sehen.<\/strong><\/p>\n\n\n\n<p><strong>Es gr\u00fc\u00dfen euch Astrid und Johannes Zacher<\/strong><\/p>\n\n\n\n<figure class=\"wp-block-image size-large is-resized\"><img loading=\"lazy\" decoding=\"async\" src=\"http:\/\/xn--zachers-kindertrume-vwb.de\/wp-content\/uploads\/2022\/12\/IMG_20221222_073801944_HDR-768x1024.jpg\" alt=\"\" class=\"wp-image-1298\" width=\"767\" height=\"1023\" srcset=\"https:\/\/zachers-kindertr\u00e4ume.de\/wp-content\/uploads\/2022\/12\/IMG_20221222_073801944_HDR-768x1024.jpg 768w, https:\/\/zachers-kindertr\u00e4ume.de\/wp-content\/uploads\/2022\/12\/IMG_20221222_073801944_HDR-225x300.jpg 225w, https:\/\/zachers-kindertr\u00e4ume.de\/wp-content\/uploads\/2022\/12\/IMG_20221222_073801944_HDR-1152x1536.jpg 1152w, https:\/\/zachers-kindertr\u00e4ume.de\/wp-content\/uploads\/2022\/12\/IMG_20221222_073801944_HDR.jpg 1200w\" sizes=\"auto, (max-width: 767px) 100vw, 767px\" \/><\/figure>\n\n\n\n<p><strong>Wir verabschieden zwei unserer Kinder in den Kindergarten und w\u00fcnschen ihnen alles Gute, einen sch\u00f6nen Start im Kindergarten und hoffen uns bald Mal wieder zu sehen.<\/strong><\/p>\n","protected":false},"excerpt":{"rendered":"<p>Liebe Kinder, Liebe Eltern und Gro\u00dfeltern, nach einem f\u00fcr alle sehr turbulentem und teilweise auch sehr schwierigem Jahr, w\u00fcnschen wir allen eine ruhige und besinnliche Weihnachtszeit und einen guten, gesunden Rutsch ins neue Jahr. Wir hatten eine wirklich sch\u00f6ne Zeit &hellip; <\/p>\n","protected":false},"author":1,"featured_media":0,"comment_status":"closed","ping_status":"open","sticky":false,"template":"","format":"standard","meta":{"footnotes":""},"categories":[3],"tags":[],"class_list":["post-1296","post","type-post","status-publish","format-standard","hentry","category-aktuelle-neuigkeiten"],"_links":{"self":[{"href":"https:\/\/zachers-kindertr\u00e4ume.de\/index.php?rest_route=\/wp\/v2\/posts\/1296","targetHints":{"allow":["GET"]}}],"collection":[{"href":"https:\/\/zachers-kindertr\u00e4ume.de\/index.php?rest_route=\/wp\/v2\/posts"}],"about":[{"href":"https:\/\/zachers-kindertr\u00e4ume.de\/index.php?rest_route=\/wp\/v2\/types\/post"}],"author":[{"embeddable":true,"href":"https:\/\/zachers-kindertr\u00e4ume.de\/index.php?rest_route=\/wp\/v2\/users\/1"}],"replies":[{"embeddable":true,"href":"https:\/\/zachers-kindertr\u00e4ume.de\/index.php?rest_route=%2Fwp%2Fv2%2Fcomments&post=1296"}],"version-history":[{"count":1,"href":"https:\/\/zachers-kindertr\u00e4ume.de\/index.php?rest_route=\/wp\/v2\/posts\/1296\/revisions"}],"predecessor-version":[{"id":1299,"href":"https:\/\/zachers-kindertr\u00e4ume.de\/index.php?rest_route=\/wp\/v2\/posts\/1296\/revisions\/1299"}],"wp:attachment":[{"href":"https:\/\/zachers-kindertr\u00e4ume.de\/index.php?rest_route=%2Fwp%2Fv2%2Fmedia&parent=1296"}],"wp:term":[{"taxonomy":"category","embeddable":true,"href":"https:\/\/zachers-kindertr\u00e4ume.de\/index.php?rest_route=%2Fwp%2Fv2%2Fcategories&post=1296"},{"taxonomy":"post_tag","embeddable":true,"href":"https:\/\/zachers-kindertr\u00e4ume.de\/index.php?rest_route=%2Fwp%2Fv2%2Ftags&post=1296"}],"curies":[{"name":"wp","href":"https:\/\/api.w.org\/{rel}","templated":true}]}}