{"id":217,"date":"2019-11-05T13:06:49","date_gmt":"2019-11-05T13:06:49","guid":{"rendered":"http:\/\/xn--zachers-kindertrume-vwb.de\/?p=217"},"modified":"2019-11-05T13:06:49","modified_gmt":"2019-11-05T13:06:49","slug":"kindertagespflege-hat-seit-dem-07-10-2019-geoeffnet","status":"publish","type":"post","link":"https:\/\/zachers-kindertr\u00e4ume.de\/?p=217","title":{"rendered":"Kindertagespflege hat seit dem 07.10.2019 ge\u00f6ffnet"},"content":{"rendered":"\n<h2 class=\"wp-block-heading\"><\/h2>\n\n\n\n<p>Am 07.10.2019\nhaben wir unsere Kindertagespflege in Ebersbach er\u00f6ffnet. An dieser Stelle wollen\nwir uns bei der Stadt Ebersbach an der Fils, dem Tagesm\u00fctterverein in\nG\u00f6ppingen, beim Landkreis G\u00f6ppingen und allen Mitwirkenden f\u00fcr das\nentgegengebrachte Vertrauen, die Unterst\u00fctzung und die wertvolle Arbeit\nbedanken.<\/p>\n\n\n\n<p>Wir betreuen\naktuell 5 Kinder mit denen wir bei dem sch\u00f6nen herbstlichen Wetter unsere\nUmgebung erkunden, gemeinsam kochen, basteln oder viele sch\u00f6ne andere Dinge\nerleben. <\/p>\n\n\n\n<p>Liebe Eltern, gerne k\u00f6nnen Sie uns per Mail an <a href=\"mailto:info@zachers-kindertr\u00e4ume.de\">info@zachers-kindertr\u00e4ume.de<\/a> Ihren\nBetreuungswunsch f\u00fcr Ihr Kind mitteilen.<\/p>\n","protected":false},"excerpt":{"rendered":"<p>Am 07.10.2019 haben wir unsere Kindertagespflege in Ebersbach er\u00f6ffnet. An dieser Stelle wollen wir uns bei der Stadt Ebersbach an der Fils, dem Tagesm\u00fctterverein in G\u00f6ppingen, beim Landkreis G\u00f6ppingen und allen Mitwirkenden f\u00fcr das entgegengebrachte Vertrauen, die Unterst\u00fctzung und die &hellip; <\/p>\n","protected":false},"author":1,"featured_media":0,"comment_status":"closed","ping_status":"open","sticky":false,"template":"","format":"standard","meta":{"footnotes":""},"categories":[1],"tags":[],"class_list":["post-217","post","type-post","status-publish","format-standard","hentry","category-uncategorized"],"_links":{"self":[{"href":"https:\/\/zachers-kindertr\u00e4ume.de\/index.php?rest_route=\/wp\/v2\/posts\/217","targetHints":{"allow":["GET"]}}],"collection":[{"href":"https:\/\/zachers-kindertr\u00e4ume.de\/index.php?rest_route=\/wp\/v2\/posts"}],"about":[{"href":"https:\/\/zachers-kindertr\u00e4ume.de\/index.php?rest_route=\/wp\/v2\/types\/post"}],"author":[{"embeddable":true,"href":"https:\/\/zachers-kindertr\u00e4ume.de\/index.php?rest_route=\/wp\/v2\/users\/1"}],"replies":[{"embeddable":true,"href":"https:\/\/zachers-kindertr\u00e4ume.de\/index.php?rest_route=%2Fwp%2Fv2%2Fcomments&post=217"}],"version-history":[{"count":2,"href":"https:\/\/zachers-kindertr\u00e4ume.de\/index.php?rest_route=\/wp\/v2\/posts\/217\/revisions"}],"predecessor-version":[{"id":219,"href":"https:\/\/zachers-kindertr\u00e4ume.de\/index.php?rest_route=\/wp\/v2\/posts\/217\/revisions\/219"}],"wp:attachment":[{"href":"https:\/\/zachers-kindertr\u00e4ume.de\/index.php?rest_route=%2Fwp%2Fv2%2Fmedia&parent=217"}],"wp:term":[{"taxonomy":"category","embeddable":true,"href":"https:\/\/zachers-kindertr\u00e4ume.de\/index.php?rest_route=%2Fwp%2Fv2%2Fcategories&post=217"},{"taxonomy":"post_tag","embeddable":true,"href":"https:\/\/zachers-kindertr\u00e4ume.de\/index.php?rest_route=%2Fwp%2Fv2%2Ftags&post=217"}],"curies":[{"name":"wp","href":"https:\/\/api.w.org\/{rel}","templated":true}]}}