{"id":262,"date":"2019-12-17T09:13:04","date_gmt":"2019-12-17T09:13:04","guid":{"rendered":"http:\/\/xn--zachers-kindertrume-vwb.de\/?p=262"},"modified":"2019-12-17T09:13:04","modified_gmt":"2019-12-17T09:13:04","slug":"wir-wuenschen-frohe-festtage","status":"publish","type":"post","link":"https:\/\/zachers-kindertr\u00e4ume.de\/?p=262","title":{"rendered":"Wir w\u00fcnschen frohe Festtage"},"content":{"rendered":"\n<figure class=\"wp-block-image\"><img loading=\"lazy\" decoding=\"async\" width=\"499\" height=\"260\" src=\"http:\/\/xn--zachers-kindertrume-vwb.de\/wp-content\/uploads\/2019\/12\/stern-bethlehem.jpg\" alt=\"\" class=\"wp-image-263\" srcset=\"https:\/\/zachers-kindertr\u00e4ume.de\/wp-content\/uploads\/2019\/12\/stern-bethlehem.jpg 499w, https:\/\/zachers-kindertr\u00e4ume.de\/wp-content\/uploads\/2019\/12\/stern-bethlehem-300x156.jpg 300w\" sizes=\"auto, (max-width: 499px) 100vw, 499px\" \/><figcaption>Bildquelle: <a href=\"https:\/\/www.sternregister.de\/blog\/stern-von-bethlehem.html\">https:\/\/www.sternregister.de\/blog\/stern-von-bethlehem.html<\/a> <br><\/figcaption><\/figure>\n\n\n\n<h3 class=\"wp-block-heading\">An dieser Stelle m\u00f6chten wir Ihnen frohe Festtage mit Ihren Lieben w\u00fcnschen!<\/h3>\n\n\n\n<h3 class=\"wp-block-heading\">Das Jahr 2019 neigt sich dem Ende zu und es ist Zeit R\u00fcckschau zu halten. F\u00fcr uns war es ein spannendes Jahr. Der Wechsel aus dem Angestelltenverh\u00e4ltnis in die Selbstst\u00e4ndigkeit, sowie die Planung und Organisation w\u00e4hrend der normalen beruflichen T\u00e4tigkeit. F\u00fcr uns ein Erfolg auf ganzer L\u00e4nge. Wir m\u00f6chten uns nochmals bei Allen bedanken, die uns in dieser Phase begleitet und unterst\u00fctzt haben. Wir freuen uns auf das Jahr 2020 .<\/h3>\n\n\n\n<p>Im Dezember 2019 Astrid und Johannes Zacher<\/p>\n","protected":false},"excerpt":{"rendered":"<p>An dieser Stelle m\u00f6chten wir Ihnen frohe Festtage mit Ihren Lieben w\u00fcnschen! Das Jahr 2019 neigt sich dem Ende zu und es ist Zeit R\u00fcckschau zu halten. F\u00fcr uns war es ein spannendes Jahr. Der Wechsel aus dem Angestelltenverh\u00e4ltnis in &hellip; <\/p>\n","protected":false},"author":1,"featured_media":0,"comment_status":"closed","ping_status":"open","sticky":false,"template":"","format":"standard","meta":{"footnotes":""},"categories":[1],"tags":[],"class_list":["post-262","post","type-post","status-publish","format-standard","hentry","category-uncategorized"],"_links":{"self":[{"href":"https:\/\/zachers-kindertr\u00e4ume.de\/index.php?rest_route=\/wp\/v2\/posts\/262","targetHints":{"allow":["GET"]}}],"collection":[{"href":"https:\/\/zachers-kindertr\u00e4ume.de\/index.php?rest_route=\/wp\/v2\/posts"}],"about":[{"href":"https:\/\/zachers-kindertr\u00e4ume.de\/index.php?rest_route=\/wp\/v2\/types\/post"}],"author":[{"embeddable":true,"href":"https:\/\/zachers-kindertr\u00e4ume.de\/index.php?rest_route=\/wp\/v2\/users\/1"}],"replies":[{"embeddable":true,"href":"https:\/\/zachers-kindertr\u00e4ume.de\/index.php?rest_route=%2Fwp%2Fv2%2Fcomments&post=262"}],"version-history":[{"count":1,"href":"https:\/\/zachers-kindertr\u00e4ume.de\/index.php?rest_route=\/wp\/v2\/posts\/262\/revisions"}],"predecessor-version":[{"id":264,"href":"https:\/\/zachers-kindertr\u00e4ume.de\/index.php?rest_route=\/wp\/v2\/posts\/262\/revisions\/264"}],"wp:attachment":[{"href":"https:\/\/zachers-kindertr\u00e4ume.de\/index.php?rest_route=%2Fwp%2Fv2%2Fmedia&parent=262"}],"wp:term":[{"taxonomy":"category","embeddable":true,"href":"https:\/\/zachers-kindertr\u00e4ume.de\/index.php?rest_route=%2Fwp%2Fv2%2Fcategories&post=262"},{"taxonomy":"post_tag","embeddable":true,"href":"https:\/\/zachers-kindertr\u00e4ume.de\/index.php?rest_route=%2Fwp%2Fv2%2Ftags&post=262"}],"curies":[{"name":"wp","href":"https:\/\/api.w.org\/{rel}","templated":true}]}}