{"id":482,"date":"2021-02-16T13:06:18","date_gmt":"2021-02-16T13:06:18","guid":{"rendered":"http:\/\/xn--zachers-kindertrume-vwb.de\/?p=482"},"modified":"2021-02-16T13:06:18","modified_gmt":"2021-02-16T13:06:18","slug":"fasching-2021","status":"publish","type":"post","link":"https:\/\/zachers-kindertr\u00e4ume.de\/?p=482","title":{"rendered":"Fasching 2021"},"content":{"rendered":"\n<p><strong>Die Kinder gestalteten bunte Luftballons  mit Fingerfarben&#8230;<\/strong><\/p>\n\n\n\n<figure class=\"wp-block-image size-large is-style-default\"><img loading=\"lazy\" decoding=\"async\" width=\"1024\" height=\"768\" src=\"http:\/\/xn--zachers-kindertrume-vwb.de\/wp-content\/uploads\/2021\/02\/Luftballons-1024x768.jpg\" alt=\"\" class=\"wp-image-483\" srcset=\"https:\/\/zachers-kindertr\u00e4ume.de\/wp-content\/uploads\/2021\/02\/Luftballons-1024x768.jpg 1024w, https:\/\/zachers-kindertr\u00e4ume.de\/wp-content\/uploads\/2021\/02\/Luftballons-300x225.jpg 300w, https:\/\/zachers-kindertr\u00e4ume.de\/wp-content\/uploads\/2021\/02\/Luftballons-768x576.jpg 768w, https:\/\/zachers-kindertr\u00e4ume.de\/wp-content\/uploads\/2021\/02\/Luftballons-1536x1152.jpg 1536w, https:\/\/zachers-kindertr\u00e4ume.de\/wp-content\/uploads\/2021\/02\/Luftballons-2048x1536.jpg 2048w\" sizes=\"auto, (max-width: 1024px) 100vw, 1024px\" \/><\/figure>\n\n\n\n<p><\/p>\n\n\n\n<p><strong>&#8230;und haben &#8222;Amerikaner&#8220; gebacken und verziert.<\/strong><\/p>\n\n\n\n<p><strong>Au\u00dferdem gab es Musik und Tanz und die Kinder durften verkleidet in die Kindertagespflege kommen. Es waren sehr sch\u00f6ne, lustige und bunte n\u00e4rrische Tage hier bei uns.<\/strong><\/p>\n\n\n\n<figure class=\"wp-block-image size-large is-style-rounded\"><img loading=\"lazy\" decoding=\"async\" width=\"1024\" height=\"768\" src=\"http:\/\/xn--zachers-kindertrume-vwb.de\/wp-content\/uploads\/2021\/02\/Clowns-1024x768.jpg\" alt=\"\" class=\"wp-image-484\" srcset=\"https:\/\/zachers-kindertr\u00e4ume.de\/wp-content\/uploads\/2021\/02\/Clowns-1024x768.jpg 1024w, https:\/\/zachers-kindertr\u00e4ume.de\/wp-content\/uploads\/2021\/02\/Clowns-300x225.jpg 300w, https:\/\/zachers-kindertr\u00e4ume.de\/wp-content\/uploads\/2021\/02\/Clowns-768x576.jpg 768w, https:\/\/zachers-kindertr\u00e4ume.de\/wp-content\/uploads\/2021\/02\/Clowns-1536x1152.jpg 1536w, https:\/\/zachers-kindertr\u00e4ume.de\/wp-content\/uploads\/2021\/02\/Clowns-2048x1536.jpg 2048w\" sizes=\"auto, (max-width: 1024px) 100vw, 1024px\" \/><\/figure>\n","protected":false},"excerpt":{"rendered":"<p>Die Kinder gestalteten bunte Luftballons mit Fingerfarben&#8230; &#8230;und haben &#8222;Amerikaner&#8220; gebacken und verziert. Au\u00dferdem gab es Musik und Tanz und die Kinder durften verkleidet in die Kindertagespflege kommen. Es waren sehr sch\u00f6ne, lustige und bunte n\u00e4rrische Tage hier bei uns.<\/p>\n","protected":false},"author":1,"featured_media":0,"comment_status":"closed","ping_status":"open","sticky":false,"template":"","format":"standard","meta":{"footnotes":""},"categories":[3],"tags":[],"class_list":["post-482","post","type-post","status-publish","format-standard","hentry","category-aktuelle-neuigkeiten"],"_links":{"self":[{"href":"https:\/\/zachers-kindertr\u00e4ume.de\/index.php?rest_route=\/wp\/v2\/posts\/482","targetHints":{"allow":["GET"]}}],"collection":[{"href":"https:\/\/zachers-kindertr\u00e4ume.de\/index.php?rest_route=\/wp\/v2\/posts"}],"about":[{"href":"https:\/\/zachers-kindertr\u00e4ume.de\/index.php?rest_route=\/wp\/v2\/types\/post"}],"author":[{"embeddable":true,"href":"https:\/\/zachers-kindertr\u00e4ume.de\/index.php?rest_route=\/wp\/v2\/users\/1"}],"replies":[{"embeddable":true,"href":"https:\/\/zachers-kindertr\u00e4ume.de\/index.php?rest_route=%2Fwp%2Fv2%2Fcomments&post=482"}],"version-history":[{"count":1,"href":"https:\/\/zachers-kindertr\u00e4ume.de\/index.php?rest_route=\/wp\/v2\/posts\/482\/revisions"}],"predecessor-version":[{"id":485,"href":"https:\/\/zachers-kindertr\u00e4ume.de\/index.php?rest_route=\/wp\/v2\/posts\/482\/revisions\/485"}],"wp:attachment":[{"href":"https:\/\/zachers-kindertr\u00e4ume.de\/index.php?rest_route=%2Fwp%2Fv2%2Fmedia&parent=482"}],"wp:term":[{"taxonomy":"category","embeddable":true,"href":"https:\/\/zachers-kindertr\u00e4ume.de\/index.php?rest_route=%2Fwp%2Fv2%2Fcategories&post=482"},{"taxonomy":"post_tag","embeddable":true,"href":"https:\/\/zachers-kindertr\u00e4ume.de\/index.php?rest_route=%2Fwp%2Fv2%2Ftags&post=482"}],"curies":[{"name":"wp","href":"https:\/\/api.w.org\/{rel}","templated":true}]}}